{"id":290,"date":"2026-01-21T12:07:07","date_gmt":"2026-01-21T11:07:07","guid":{"rendered":"https:\/\/domaine17.fr\/?p=290"},"modified":"2026-02-26T00:35:38","modified_gmt":"2026-02-25T23:35:38","slug":"recensement-des-dysfonctionnements-des-vmc-individuelles","status":"publish","type":"post","link":"https:\/\/domaine17.fr\/?p=290","title":{"rendered":"\u203c\ufe0f Recensement des dysfonctionnements des VMC individuelles"},"content":{"rendered":"\n<h3 class=\"wp-block-heading\">Recensement des dysfonctionnements des VMC individuelles<\/h3>\n\n\n\n<p>Suite aux probl\u00e8mes r\u00e9cemment constat\u00e9s sur plusieurs&nbsp;<strong>VMC individuelles<\/strong>, le Conseil Syndical souhaite proc\u00e9der \u00e0 un&nbsp;<strong>recensement des copropri\u00e9taires concern\u00e9s par des dysfonctionnements<\/strong>, quels qu\u2019ils soient, notamment :<\/p>\n\n\n\n<ul class=\"wp-block-list\">\n<li>Pr\u00e9sence de\u00a0<strong>condensation sur les huisseries des fen\u00eatres<\/strong>, en particulier le matin<\/li>\n\n\n\n<li><strong>Bruits anormaux<\/strong>\u00a0provenant de la VMC<\/li>\n\n\n\n<li><strong>Pannes<\/strong>, arr\u00eats de fonctionnement ou dysfonctionnements r\u00e9p\u00e9t\u00e9s<\/li>\n\n\n\n<li>Plus g\u00e9n\u00e9ralement,\u00a0<strong>tout autre d\u00e9sordre li\u00e9 au fonctionnement de la VMC<\/strong><\/li>\n<\/ul>\n\n\n\n<p>Cette d\u00e9marche a pour objectif de&nbsp;<strong>constituer un dossier document\u00e9 et coh\u00e9rent<\/strong>&nbsp;afin de&nbsp;<strong>saisir officiellement le promoteur Fontanel par courrier recommand\u00e9<\/strong>, dans le but de demander une prise en charge de ces dysfonctionnements.<\/p>\n\n\n\n<p>\ud83d\udc49&nbsp;<strong>Les copropri\u00e9taires concern\u00e9s<\/strong>, y compris&nbsp;<strong>ceux qui ont d\u00fb proc\u00e9der au remplacement de leur VMC \u00e0 titre personnel en raison de ces dysfonctionnements<\/strong>, peuvent \u00e9galement&nbsp;<strong>se joindre \u00e0 cette d\u00e9marche collective<\/strong>.<\/p>\n\n\n\n<p>Afin que chaque signalement puisse \u00eatre pris en compte, il est&nbsp;<strong>indispensable de communiquer les informations suivantes<\/strong>&nbsp;:<\/p>\n\n\n\n<ul class=\"wp-block-list\">\n<li>Nom et pr\u00e9nom<\/li>\n\n\n\n<li>Coordonn\u00e9es (adresse e-mail et, si possible, num\u00e9ro de t\u00e9l\u00e9phone)<\/li>\n\n\n\n<li>B\u00e2timent dans lequel se situe l\u2019appartement<\/li>\n\n\n\n<li>Num\u00e9ro de lot \/ num\u00e9ro d\u2019appartement<\/li>\n\n\n\n<li>\u00c9tage<\/li>\n\n\n\n<li>Description pr\u00e9cise des d\u00e9sordres constat\u00e9s (et, le cas \u00e9ch\u00e9ant, date et nature du remplacement de la VMC)<\/li>\n<\/ul>\n\n\n\n<p>Les copropri\u00e9taires sont invit\u00e9s \u00e0 transmettre ces \u00e9l\u00e9ments par mail au &nbsp;Conseil Syndical :&nbsp;cs.domainexvii@gmail.com<\/p>\n\n\n\n<p><strong>Le Conseil Syndical vous remercie par avance de votre collaboration.<\/strong><\/p>\n","protected":false},"excerpt":{"rendered":"<p>Recensement des dysfonctionnements des VMC individuelles Suite aux probl\u00e8mes r\u00e9cemment constat\u00e9s sur plusieurs&nbsp;VMC individuelles, le Conseil Syndical souhaite proc\u00e9der \u00e0 un&nbsp;recensement des copropri\u00e9taires concern\u00e9s par des dysfonctionnements, quels qu\u2019ils soient, notamment : Cette d\u00e9marche a pour objectif de&nbsp;constituer un dossier document\u00e9 et coh\u00e9rent&nbsp;afin de&nbsp;saisir officiellement le promoteur Fontanel par courrier recommand\u00e9, dans le but de [&hellip;]<\/p>\n","protected":false},"author":8,"featured_media":0,"comment_status":"open","ping_status":"open","sticky":false,"template":"","format":"standard","meta":{"jetpack_post_was_ever_published":false,"_jetpack_newsletter_access":"","_jetpack_dont_email_post_to_subs":false,"_jetpack_newsletter_tier_id":0,"_jetpack_memberships_contains_paywalled_content":false,"_jetpack_memberships_contains_paid_content":false,"footnotes":""},"categories":[1],"tags":[],"class_list":["post-290","post","type-post","status-publish","format-standard","hentry","category-non-classe"],"jetpack_featured_media_url":"","jetpack_sharing_enabled":true,"_links":{"self":[{"href":"https:\/\/domaine17.fr\/index.php?rest_route=\/wp\/v2\/posts\/290","targetHints":{"allow":["GET"]}}],"collection":[{"href":"https:\/\/domaine17.fr\/index.php?rest_route=\/wp\/v2\/posts"}],"about":[{"href":"https:\/\/domaine17.fr\/index.php?rest_route=\/wp\/v2\/types\/post"}],"author":[{"embeddable":true,"href":"https:\/\/domaine17.fr\/index.php?rest_route=\/wp\/v2\/users\/8"}],"replies":[{"embeddable":true,"href":"https:\/\/domaine17.fr\/index.php?rest_route=%2Fwp%2Fv2%2Fcomments&post=290"}],"version-history":[{"count":2,"href":"https:\/\/domaine17.fr\/index.php?rest_route=\/wp\/v2\/posts\/290\/revisions"}],"predecessor-version":[{"id":325,"href":"https:\/\/domaine17.fr\/index.php?rest_route=\/wp\/v2\/posts\/290\/revisions\/325"}],"wp:attachment":[{"href":"https:\/\/domaine17.fr\/index.php?rest_route=%2Fwp%2Fv2%2Fmedia&parent=290"}],"wp:term":[{"taxonomy":"category","embeddable":true,"href":"https:\/\/domaine17.fr\/index.php?rest_route=%2Fwp%2Fv2%2Fcategories&post=290"},{"taxonomy":"post_tag","embeddable":true,"href":"https:\/\/domaine17.fr\/index.php?rest_route=%2Fwp%2Fv2%2Ftags&post=290"}],"curies":[{"name":"wp","href":"https:\/\/api.w.org\/{rel}","templated":true}]}}