{"id":340,"date":"2026-03-11T12:43:05","date_gmt":"2026-03-11T11:43:05","guid":{"rendered":"https:\/\/domaine17.fr\/?p=340"},"modified":"2026-03-11T12:43:05","modified_gmt":"2026-03-11T11:43:05","slug":"%f0%9f%8c%b1-premiere-tonte-de-la-saison-17-18-mars-2026-%f0%9f%8c%bf","status":"publish","type":"post","link":"https:\/\/domaine17.fr\/?p=340","title":{"rendered":"\ud83c\udf31 Premi\u00e8re tonte de la saison \u2013 17 &amp; 18 mars 2026 \ud83c\udf3f"},"content":{"rendered":"\n<p>Chers copropri\u00e9taires, chers habitants,<\/p>\n\n\n\n<p>Nous vous informons que la&nbsp;<strong>premi\u00e8re tonte des espaces verts<\/strong>&nbsp;de notre domaine, r\u00e9alis\u00e9e par notre prestataire&nbsp;<strong>L\u2019Art des Jardins<\/strong>, est pr\u00e9vue le&nbsp;<strong>mardi 17 mars 2026 et potentiellement le mercredi 18 mars<\/strong>. \u2702\ufe0f\ud83c\udf33<\/p>\n\n\n\n<p>Suite \u00e0 la taille effectu\u00e9e la semaine derni\u00e8re, cette intervention marquera le lancement officiel de la saison d\u2019entretien des jardins,&nbsp;<strong>sous r\u00e9serve des conditions m\u00e9t\u00e9orologiques<\/strong>. \u2614\ud83c\udf24\ufe0f<\/p>\n\n\n\n<p>Nous vous remercions de votre compr\u00e9hension et de veiller \u00e0 ce que les zones concern\u00e9es restent&nbsp;<strong>libres d\u2019acc\u00e8s durant ces 2 journ\u00e9es<\/strong>, afin de faciliter le travail de l\u2019\u00e9quipe. \ud83c\udf3f\ud83d\udc1d<\/p>\n\n\n\n<p>Belle journ\u00e9e \u00e0 tous ! \ud83c\udf37\ud83c\udf38\ud83d\udc26<\/p>\n\n\n\n<p>Le Conseil Syndical du Domaine Dix-Septi\u00e8me<\/p>\n","protected":false},"excerpt":{"rendered":"<p>Chers copropri\u00e9taires, chers habitants, Nous vous informons que la&nbsp;premi\u00e8re tonte des espaces verts&nbsp;de notre domaine, r\u00e9alis\u00e9e par notre prestataire&nbsp;L\u2019Art des Jardins, est pr\u00e9vue le&nbsp;mardi 17 mars 2026 et potentiellement le mercredi 18 mars. \u2702\ufe0f\ud83c\udf33 Suite \u00e0 la taille effectu\u00e9e la semaine derni\u00e8re, cette intervention marquera le lancement officiel de la saison d\u2019entretien des jardins,&nbsp;sous r\u00e9serve [&hellip;]<\/p>\n","protected":false},"author":8,"featured_media":0,"comment_status":"open","ping_status":"open","sticky":false,"template":"","format":"standard","meta":{"jetpack_post_was_ever_published":false,"_jetpack_newsletter_access":"","_jetpack_dont_email_post_to_subs":false,"_jetpack_newsletter_tier_id":0,"_jetpack_memberships_contains_paywalled_content":false,"_jetpack_memberships_contains_paid_content":false,"footnotes":""},"categories":[1],"tags":[],"class_list":["post-340","post","type-post","status-publish","format-standard","hentry","category-non-classe"],"jetpack_featured_media_url":"","jetpack_sharing_enabled":true,"_links":{"self":[{"href":"https:\/\/domaine17.fr\/index.php?rest_route=\/wp\/v2\/posts\/340","targetHints":{"allow":["GET"]}}],"collection":[{"href":"https:\/\/domaine17.fr\/index.php?rest_route=\/wp\/v2\/posts"}],"about":[{"href":"https:\/\/domaine17.fr\/index.php?rest_route=\/wp\/v2\/types\/post"}],"author":[{"embeddable":true,"href":"https:\/\/domaine17.fr\/index.php?rest_route=\/wp\/v2\/users\/8"}],"replies":[{"embeddable":true,"href":"https:\/\/domaine17.fr\/index.php?rest_route=%2Fwp%2Fv2%2Fcomments&post=340"}],"version-history":[{"count":1,"href":"https:\/\/domaine17.fr\/index.php?rest_route=\/wp\/v2\/posts\/340\/revisions"}],"predecessor-version":[{"id":341,"href":"https:\/\/domaine17.fr\/index.php?rest_route=\/wp\/v2\/posts\/340\/revisions\/341"}],"wp:attachment":[{"href":"https:\/\/domaine17.fr\/index.php?rest_route=%2Fwp%2Fv2%2Fmedia&parent=340"}],"wp:term":[{"taxonomy":"category","embeddable":true,"href":"https:\/\/domaine17.fr\/index.php?rest_route=%2Fwp%2Fv2%2Fcategories&post=340"},{"taxonomy":"post_tag","embeddable":true,"href":"https:\/\/domaine17.fr\/index.php?rest_route=%2Fwp%2Fv2%2Ftags&post=340"}],"curies":[{"name":"wp","href":"https:\/\/api.w.org\/{rel}","templated":true}]}}